{"id":26288,"date":"2023-10-30T13:02:09","date_gmt":"2023-10-30T13:02:09","guid":{"rendered":"https:\/\/szombathely2030.hu\/?p=26288"},"modified":"2023-10-30T13:03:18","modified_gmt":"2023-10-30T13:03:18","slug":"a-digitalis-vilagban-egyutt-generaciok-kozos-jateka-szombathelyen","status":"publish","type":"post","link":"https:\/\/szombathely2030.hu\/en\/2023\/10\/30\/a-digitalis-vilagban-egyutt-generaciok-kozos-jateka-szombathelyen\/","title":{"rendered":"Together in the digital world \u2013 generations playing together in Szombathely"},"content":{"rendered":"<p>In October 2023, for the third time, the annual event of the Szombathely2030 Program was held under the Budapest Design Week. The event, which was named \"<strong><em>The Game of Ages\" <\/em><\/strong>this year, took on a new format. Perhaps due to this, more than <strong>150 participants took part in the program this year.<\/strong>.<\/p>\n<p><u>Role reversal<br \/>\n<\/u>As the name of the event suggests, <strong>participants, both the elderly and the young, experienced each other's daily lives and challenges by stepping into each other's shoes.<\/strong>The younger generation, well-versed in the digital world, tried out challenges typical of the older generation in the offline world, while the older participants had the opportunity to turn back time and face youthful challenges.<\/p>\n<p><u>Mindset transformation through play<br \/>\n<\/u>At the event, 10 stations offered various games and entertaining skill tasks for the attendees. They could engage in activities such as target shooting while wearing goggles simulating intoxication, obstacle courses with \"granny tanks,\" playing with VR (virtual reality) goggles, or traditional map distance measurement using a piece of string. The essence of these tasks went beyond entertainment; they aimed to facilitate dialogue between generations in the city and provide greater insight into the challenges faced by the other age group. One of the main g<strong>oals of the event was to increase tolerance towards aging and emphasize that aging should be seen not only as a challenge but as an opportunity.<\/strong>.<\/p>\n<p><u>Design for the elderly<br \/>\n<\/u>In addition to the playful stations and mindset transformation, the organizers also had a concrete message. At.home, one of the main organizers of the event, put forward a vote for the participants, focusing on the digitalization of elderly care. Participants could choose from six<strong> innovative ideas aimed at supporting the daily lives of the elderly or solving specific healthcare problems,<\/strong> selecting the design that appealed to them the most.<\/p>\n<p><img loading=\"lazy\" decoding=\"async\" class=\"alignnone wp-image-26291\" src=\"https:\/\/szombathely2030.hu\/wp-content\/uploads\/2023\/10\/20231013_123659570_iOS-300x200.jpg\" alt=\"\" width=\"550\" height=\"366\" \/><\/p>\n<p><u>Community unity<br \/>\n<\/u><strong>However, the successful execution of such a large event relies on many participants and the support of various urban organizations.<\/strong> The Agora Cultural and Sports Center hosted the event. The organizers included partner organizations from the Szombathely2030 program, the Pannon Business Network Association, and the Municipality of Szombathely. The striking pallet installation was provided by Falco Zrt, while Szova Nonprofit Zrt. contributed to the creation of the community space. The eSport Szombathely Association brought joy to the playing couples with their PS consoles, and Modam Specialty Coffee &amp; Store served delicious and innovative sandwiches to the players. Visitors had the opportunity to try out VR goggles at Alpok-Rehab Kft, while Ratmayer - T\u00e1rsasj\u00e1t\u00e9k K\u00e1v\u00e9z\u00f3 &amp; B\u00e1r created a communal experience with their short but highly entertaining games. Eventbox made the event moments unforgettable with their selfie machine, and PTE ETK introduced young people to an elderly simulation.<\/p>","protected":false},"excerpt":{"rendered":"<p>2023 okt\u00f3ber\u00e9ben harmadik alkalommal ker\u00fclt megrendez\u00e9sre a Szombathely2030 Program \u00e9ves rendezv\u00e9nye a Budapest Design H\u00e9t \u00e9gisze alatt. A esem\u00e9ny, mely id\u00e9n az \u201e\u00c9letkorok J\u00e1t\u00e9ka\u201d nevet kapta, \u00faj form\u00e1tumban val\u00f3sult meg. Tal\u00e1n ennek is k\u00f6sz\u00f6nhet\u0151, hogy id\u00e9n t\u00f6bb, mint 150 f\u0151 vett r\u00e9szt a programon. Szerepcsere Ahogy a rendezv\u00e9ny neve is utal r\u00e1, a r\u00e9sztvev\u0151 id\u0151s\u00f6d\u0151k [&hellip;]<\/p>\n","protected":false},"author":1,"featured_media":26292,"comment_status":"open","ping_status":"open","sticky":false,"template":"","format":"standard","meta":{"_et_pb_use_builder":"","_et_pb_old_content":"","_et_gb_content_width":"","_monsterinsights_skip_tracking":false,"_monsterinsights_sitenote_active":false,"_monsterinsights_sitenote_note":"","_monsterinsights_sitenote_category":0,"footnotes":""},"categories":[1],"tags":[],"yoast_head":"<!-- This site is optimized with the Yoast SEO plugin v24.5 - https:\/\/yoast.com\/wordpress\/plugins\/seo\/ -->\n<title>A digit\u00e1lis vil\u00e1gban egy\u00fctt - gener\u00e1ci\u00f3k k\u00f6z\u00f6s j\u00e1t\u00e9ka Szombathelyen - Szombathely 2030<\/title>\n<meta name=\"robots\" content=\"index, follow, max-snippet:-1, max-image-preview:large, max-video-preview:-1\" \/>\n<link rel=\"canonical\" href=\"https:\/\/szombathely2030.hu\/en\/2023\/10\/30\/a-digitalis-vilagban-egyutt-generaciok-kozos-jateka-szombathelyen\/\" \/>\n<meta property=\"og:locale\" content=\"en_GB\" \/>\n<meta property=\"og:type\" content=\"article\" \/>\n<meta property=\"og:title\" content=\"A digit\u00e1lis vil\u00e1gban egy\u00fctt - gener\u00e1ci\u00f3k k\u00f6z\u00f6s j\u00e1t\u00e9ka Szombathelyen - Szombathely 2030\" \/>\n<meta property=\"og:description\" content=\"2023 okt\u00f3ber\u00e9ben harmadik alkalommal ker\u00fclt megrendez\u00e9sre a Szombathely2030 Program \u00e9ves rendezv\u00e9nye a Budapest Design H\u00e9t \u00e9gisze alatt. A esem\u00e9ny, mely id\u00e9n az \u201e\u00c9letkorok J\u00e1t\u00e9ka\u201d nevet kapta, \u00faj form\u00e1tumban val\u00f3sult meg. Tal\u00e1n ennek is k\u00f6sz\u00f6nhet\u0151, hogy id\u00e9n t\u00f6bb, mint 150 f\u0151 vett r\u00e9szt a programon. Szerepcsere Ahogy a rendezv\u00e9ny neve is utal r\u00e1, a r\u00e9sztvev\u0151 id\u0151s\u00f6d\u0151k [&hellip;]\" \/>\n<meta property=\"og:url\" content=\"https:\/\/szombathely2030.hu\/en\/2023\/10\/30\/a-digitalis-vilagban-egyutt-generaciok-kozos-jateka-szombathelyen\/\" \/>\n<meta property=\"og:site_name\" content=\"Szombathely 2030\" \/>\n<meta property=\"article:published_time\" content=\"2023-10-30T13:02:09+00:00\" \/>\n<meta property=\"article:modified_time\" content=\"2023-10-30T13:03:18+00:00\" \/>\n<meta property=\"og:image\" content=\"https:\/\/szombathely2030.hu\/wp-content\/uploads\/2023\/10\/20231013_142749740_iOS.jpg\" \/>\n\t<meta property=\"og:image:width\" content=\"1920\" \/>\n\t<meta property=\"og:image:height\" content=\"1280\" \/>\n\t<meta property=\"og:image:type\" content=\"image\/jpeg\" \/>\n<meta name=\"author\" content=\"Szombathely 2030\" \/>\n<meta name=\"twitter:card\" content=\"summary_large_image\" \/>\n<meta name=\"twitter:label1\" content=\"Written by\" \/>\n\t<meta name=\"twitter:data1\" content=\"Szombathely 2030\" \/>\n\t<meta name=\"twitter:label2\" content=\"Estimated reading time\" \/>\n\t<meta name=\"twitter:data2\" content=\"2 minutes\" \/>\n<script type=\"application\/ld+json\" class=\"yoast-schema-graph\">{\"@context\":\"https:\/\/schema.org\",\"@graph\":[{\"@type\":\"WebPage\",\"@id\":\"https:\/\/szombathely2030.hu\/2023\/10\/30\/a-digitalis-vilagban-egyutt-generaciok-kozos-jateka-szombathelyen\/\",\"url\":\"https:\/\/szombathely2030.hu\/2023\/10\/30\/a-digitalis-vilagban-egyutt-generaciok-kozos-jateka-szombathelyen\/\",\"name\":\"A digit\u00e1lis vil\u00e1gban egy\u00fctt - gener\u00e1ci\u00f3k k\u00f6z\u00f6s j\u00e1t\u00e9ka Szombathelyen - Szombathely 2030\",\"isPartOf\":{\"@id\":\"https:\/\/szombathely2030.hu\/#website\"},\"primaryImageOfPage\":{\"@id\":\"https:\/\/szombathely2030.hu\/2023\/10\/30\/a-digitalis-vilagban-egyutt-generaciok-kozos-jateka-szombathelyen\/#primaryimage\"},\"image\":{\"@id\":\"https:\/\/szombathely2030.hu\/2023\/10\/30\/a-digitalis-vilagban-egyutt-generaciok-kozos-jateka-szombathelyen\/#primaryimage\"},\"thumbnailUrl\":\"https:\/\/szombathely2030.hu\/wp-content\/uploads\/2023\/10\/20231013_142749740_iOS.jpg\",\"datePublished\":\"2023-10-30T13:02:09+00:00\",\"dateModified\":\"2023-10-30T13:03:18+00:00\",\"author\":{\"@id\":\"https:\/\/szombathely2030.hu\/#\/schema\/person\/45e7e73d05c8d200210a7fc1b2c53043\"},\"breadcrumb\":{\"@id\":\"https:\/\/szombathely2030.hu\/2023\/10\/30\/a-digitalis-vilagban-egyutt-generaciok-kozos-jateka-szombathelyen\/#breadcrumb\"},\"inLanguage\":\"en-GB\",\"potentialAction\":[{\"@type\":\"ReadAction\",\"target\":[\"https:\/\/szombathely2030.hu\/2023\/10\/30\/a-digitalis-vilagban-egyutt-generaciok-kozos-jateka-szombathelyen\/\"]}]},{\"@type\":\"ImageObject\",\"inLanguage\":\"en-GB\",\"@id\":\"https:\/\/szombathely2030.hu\/2023\/10\/30\/a-digitalis-vilagban-egyutt-generaciok-kozos-jateka-szombathelyen\/#primaryimage\",\"url\":\"https:\/\/szombathely2030.hu\/wp-content\/uploads\/2023\/10\/20231013_142749740_iOS.jpg\",\"contentUrl\":\"https:\/\/szombathely2030.hu\/wp-content\/uploads\/2023\/10\/20231013_142749740_iOS.jpg\",\"width\":1920,\"height\":1280},{\"@type\":\"BreadcrumbList\",\"@id\":\"https:\/\/szombathely2030.hu\/2023\/10\/30\/a-digitalis-vilagban-egyutt-generaciok-kozos-jateka-szombathelyen\/#breadcrumb\",\"itemListElement\":[{\"@type\":\"ListItem\",\"position\":1,\"name\":\"Kezd\u0151lap\",\"item\":\"https:\/\/szombathely2030.hu\/\"},{\"@type\":\"ListItem\",\"position\":2,\"name\":\"A digit\u00e1lis vil\u00e1gban egy\u00fctt &#8211; gener\u00e1ci\u00f3k k\u00f6z\u00f6s j\u00e1t\u00e9ka Szombathelyen\"}]},{\"@type\":\"WebSite\",\"@id\":\"https:\/\/szombathely2030.hu\/#website\",\"url\":\"https:\/\/szombathely2030.hu\/\",\"name\":\"Szombathely 2030\",\"description\":\"Szombathely 2030 fejleszt\u00e9si projekt\",\"potentialAction\":[{\"@type\":\"SearchAction\",\"target\":{\"@type\":\"EntryPoint\",\"urlTemplate\":\"https:\/\/szombathely2030.hu\/?s={search_term_string}\"},\"query-input\":{\"@type\":\"PropertyValueSpecification\",\"valueRequired\":true,\"valueName\":\"search_term_string\"}}],\"inLanguage\":\"en-GB\"},{\"@type\":\"Person\",\"@id\":\"https:\/\/szombathely2030.hu\/#\/schema\/person\/45e7e73d05c8d200210a7fc1b2c53043\",\"name\":\"Szombathely 2030\",\"image\":{\"@type\":\"ImageObject\",\"inLanguage\":\"en-GB\",\"@id\":\"https:\/\/szombathely2030.hu\/#\/schema\/person\/image\/\",\"url\":\"https:\/\/secure.gravatar.com\/avatar\/2316c60272239304077c08defcfda658?s=96&d=mm&r=g\",\"contentUrl\":\"https:\/\/secure.gravatar.com\/avatar\/2316c60272239304077c08defcfda658?s=96&d=mm&r=g\",\"caption\":\"Szombathely 2030\"},\"sameAs\":[\"http:\/\/szombathely2030.hu\"],\"url\":\"https:\/\/szombathely2030.hu\/en\/author\/savaria2030\/\"}]}<\/script>\n<!-- \/ Yoast SEO plugin. -->","yoast_head_json":{"title":"A digit\u00e1lis vil\u00e1gban egy\u00fctt - gener\u00e1ci\u00f3k k\u00f6z\u00f6s j\u00e1t\u00e9ka Szombathelyen - Szombathely 2030","robots":{"index":"index","follow":"follow","max-snippet":"max-snippet:-1","max-image-preview":"max-image-preview:large","max-video-preview":"max-video-preview:-1"},"canonical":"https:\/\/szombathely2030.hu\/en\/2023\/10\/30\/a-digitalis-vilagban-egyutt-generaciok-kozos-jateka-szombathelyen\/","og_locale":"en_GB","og_type":"article","og_title":"A digit\u00e1lis vil\u00e1gban egy\u00fctt - gener\u00e1ci\u00f3k k\u00f6z\u00f6s j\u00e1t\u00e9ka Szombathelyen - Szombathely 2030","og_description":"2023 okt\u00f3ber\u00e9ben harmadik alkalommal ker\u00fclt megrendez\u00e9sre a Szombathely2030 Program \u00e9ves rendezv\u00e9nye a Budapest Design H\u00e9t \u00e9gisze alatt. A esem\u00e9ny, mely id\u00e9n az \u201e\u00c9letkorok J\u00e1t\u00e9ka\u201d nevet kapta, \u00faj form\u00e1tumban val\u00f3sult meg. Tal\u00e1n ennek is k\u00f6sz\u00f6nhet\u0151, hogy id\u00e9n t\u00f6bb, mint 150 f\u0151 vett r\u00e9szt a programon. Szerepcsere Ahogy a rendezv\u00e9ny neve is utal r\u00e1, a r\u00e9sztvev\u0151 id\u0151s\u00f6d\u0151k [&hellip;]","og_url":"https:\/\/szombathely2030.hu\/en\/2023\/10\/30\/a-digitalis-vilagban-egyutt-generaciok-kozos-jateka-szombathelyen\/","og_site_name":"Szombathely 2030","article_published_time":"2023-10-30T13:02:09+00:00","article_modified_time":"2023-10-30T13:03:18+00:00","og_image":[{"width":1920,"height":1280,"url":"https:\/\/szombathely2030.hu\/wp-content\/uploads\/2023\/10\/20231013_142749740_iOS.jpg","type":"image\/jpeg"}],"author":"Szombathely 2030","twitter_card":"summary_large_image","twitter_misc":{"Written by":"Szombathely 2030","Estimated reading time":"2 minutes"},"schema":{"@context":"https:\/\/schema.org","@graph":[{"@type":"WebPage","@id":"https:\/\/szombathely2030.hu\/2023\/10\/30\/a-digitalis-vilagban-egyutt-generaciok-kozos-jateka-szombathelyen\/","url":"https:\/\/szombathely2030.hu\/2023\/10\/30\/a-digitalis-vilagban-egyutt-generaciok-kozos-jateka-szombathelyen\/","name":"A digit\u00e1lis vil\u00e1gban egy\u00fctt - gener\u00e1ci\u00f3k k\u00f6z\u00f6s j\u00e1t\u00e9ka Szombathelyen - Szombathely 2030","isPartOf":{"@id":"https:\/\/szombathely2030.hu\/#website"},"primaryImageOfPage":{"@id":"https:\/\/szombathely2030.hu\/2023\/10\/30\/a-digitalis-vilagban-egyutt-generaciok-kozos-jateka-szombathelyen\/#primaryimage"},"image":{"@id":"https:\/\/szombathely2030.hu\/2023\/10\/30\/a-digitalis-vilagban-egyutt-generaciok-kozos-jateka-szombathelyen\/#primaryimage"},"thumbnailUrl":"https:\/\/szombathely2030.hu\/wp-content\/uploads\/2023\/10\/20231013_142749740_iOS.jpg","datePublished":"2023-10-30T13:02:09+00:00","dateModified":"2023-10-30T13:03:18+00:00","author":{"@id":"https:\/\/szombathely2030.hu\/#\/schema\/person\/45e7e73d05c8d200210a7fc1b2c53043"},"breadcrumb":{"@id":"https:\/\/szombathely2030.hu\/2023\/10\/30\/a-digitalis-vilagban-egyutt-generaciok-kozos-jateka-szombathelyen\/#breadcrumb"},"inLanguage":"en-GB","potentialAction":[{"@type":"ReadAction","target":["https:\/\/szombathely2030.hu\/2023\/10\/30\/a-digitalis-vilagban-egyutt-generaciok-kozos-jateka-szombathelyen\/"]}]},{"@type":"ImageObject","inLanguage":"en-GB","@id":"https:\/\/szombathely2030.hu\/2023\/10\/30\/a-digitalis-vilagban-egyutt-generaciok-kozos-jateka-szombathelyen\/#primaryimage","url":"https:\/\/szombathely2030.hu\/wp-content\/uploads\/2023\/10\/20231013_142749740_iOS.jpg","contentUrl":"https:\/\/szombathely2030.hu\/wp-content\/uploads\/2023\/10\/20231013_142749740_iOS.jpg","width":1920,"height":1280},{"@type":"BreadcrumbList","@id":"https:\/\/szombathely2030.hu\/2023\/10\/30\/a-digitalis-vilagban-egyutt-generaciok-kozos-jateka-szombathelyen\/#breadcrumb","itemListElement":[{"@type":"ListItem","position":1,"name":"Kezd\u0151lap","item":"https:\/\/szombathely2030.hu\/"},{"@type":"ListItem","position":2,"name":"A digit\u00e1lis vil\u00e1gban egy\u00fctt &#8211; gener\u00e1ci\u00f3k k\u00f6z\u00f6s j\u00e1t\u00e9ka Szombathelyen"}]},{"@type":"WebSite","@id":"https:\/\/szombathely2030.hu\/#website","url":"https:\/\/szombathely2030.hu\/","name":"Szombathely 2030","description":"Szombathely 2030 fejleszt\u00e9si projekt","potentialAction":[{"@type":"SearchAction","target":{"@type":"EntryPoint","urlTemplate":"https:\/\/szombathely2030.hu\/?s={search_term_string}"},"query-input":{"@type":"PropertyValueSpecification","valueRequired":true,"valueName":"search_term_string"}}],"inLanguage":"en-GB"},{"@type":"Person","@id":"https:\/\/szombathely2030.hu\/#\/schema\/person\/45e7e73d05c8d200210a7fc1b2c53043","name":"Szombathely 2030","image":{"@type":"ImageObject","inLanguage":"en-GB","@id":"https:\/\/szombathely2030.hu\/#\/schema\/person\/image\/","url":"https:\/\/secure.gravatar.com\/avatar\/2316c60272239304077c08defcfda658?s=96&d=mm&r=g","contentUrl":"https:\/\/secure.gravatar.com\/avatar\/2316c60272239304077c08defcfda658?s=96&d=mm&r=g","caption":"Szombathely 2030"},"sameAs":["http:\/\/szombathely2030.hu"],"url":"https:\/\/szombathely2030.hu\/en\/author\/savaria2030\/"}]}},"_links":{"self":[{"href":"https:\/\/szombathely2030.hu\/en\/wp-json\/wp\/v2\/posts\/26288"}],"collection":[{"href":"https:\/\/szombathely2030.hu\/en\/wp-json\/wp\/v2\/posts"}],"about":[{"href":"https:\/\/szombathely2030.hu\/en\/wp-json\/wp\/v2\/types\/post"}],"author":[{"embeddable":true,"href":"https:\/\/szombathely2030.hu\/en\/wp-json\/wp\/v2\/users\/1"}],"replies":[{"embeddable":true,"href":"https:\/\/szombathely2030.hu\/en\/wp-json\/wp\/v2\/comments?post=26288"}],"version-history":[{"count":3,"href":"https:\/\/szombathely2030.hu\/en\/wp-json\/wp\/v2\/posts\/26288\/revisions"}],"predecessor-version":[{"id":26295,"href":"https:\/\/szombathely2030.hu\/en\/wp-json\/wp\/v2\/posts\/26288\/revisions\/26295"}],"wp:featuredmedia":[{"embeddable":true,"href":"https:\/\/szombathely2030.hu\/en\/wp-json\/wp\/v2\/media\/26292"}],"wp:attachment":[{"href":"https:\/\/szombathely2030.hu\/en\/wp-json\/wp\/v2\/media?parent=26288"}],"wp:term":[{"taxonomy":"category","embeddable":true,"href":"https:\/\/szombathely2030.hu\/en\/wp-json\/wp\/v2\/categories?post=26288"},{"taxonomy":"post_tag","embeddable":true,"href":"https:\/\/szombathely2030.hu\/en\/wp-json\/wp\/v2\/tags?post=26288"}],"curies":[{"name":"wp","href":"https:\/\/api.w.org\/{rel}","templated":true}]}}