{"id":26297,"date":"2024-02-14T13:48:15","date_gmt":"2024-02-14T13:48:15","guid":{"rendered":"https:\/\/szombathely2030.hu\/?p=26297"},"modified":"2024-02-14T14:02:29","modified_gmt":"2024-02-14T14:02:29","slug":"nagy-sikerrel-zarult-a-masodik-alkalommal-megrendezett-szakmai-nap-a-komplex-rehabilitacio-jegyeben","status":"publish","type":"post","link":"https:\/\/szombathely2030.hu\/en\/2024\/02\/14\/nagy-sikerrel-zarult-a-masodik-alkalommal-megrendezett-szakmai-nap-a-komplex-rehabilitacio-jegyeben\/","title":{"rendered":"The second Professional Day, held under the theme of Complex Rehabilitation, ended with great success"},"content":{"rendered":"<p><strong>The declared goal of the Szombathely2030 Program is to establish new healthcare enterprises in the region. In order for the city to achieve this, there is a need to strengthen education and training related to healthcare. This initiative was the subject of the second edition of the Professional Day on Complex Rehabilitation.<\/strong><\/p>\n<p>The Professional Day was held on 7 February 2024 by the Szombathely Training Centre of the Faculty of Health Sciences of the University of P\u00e9cs and the at.home department of the Pannon Business Network Association. The event provided an interactive professional forum for professionals, researchers and interested parties, focusing on gerontology, the science of ageing, the challenges of an ageing society, the digitalisation of healthcare and complex rehabilitation. The agenda included plenary sessions, expert discussions, and interactive workshops, facilitating knowledge expansion and networking opportunities.<\/p>\n<p><img loading=\"lazy\" decoding=\"async\" class=\"alignnone size-medium wp-image-26301\" src=\"https:\/\/szombathely2030.hu\/wp-content\/uploads\/2024\/02\/pte_szakmai_nap_rehabilitacio_at_home_BZ_6969-300x200.jpg\" alt=\"\" width=\"300\" height=\"200\" \/><\/p>\n<p>At the opening plenary session, G\u00e1bor Kir\u00e1ly, a partner of the University, presented the role of modern solutions of complex rehabilitation not only in the lives of athletes, but also in the lives of elderly people. He was joined by Councillor Adrienn Bok\u00e1nyi, who presented Szombathely's initiatives and programmes related to the health industry, complex rehabilitation, and active ageing, with the aim of attracting health industry manufacturers and businesses to the city.<\/p>\n<p>Regina Rosta-Peth\u0151, head of at.home, presented the role of digitalisation in elderly care and rehabilitation, followed by Annam\u00e1ria Habil Pakai, PhD, who promoted the MSc in Complex Rehabilitation at the Faculty of Health Sciences of the University of P\u00e9cs.<\/p>\n<p><img loading=\"lazy\" decoding=\"async\" class=\"alignnone size-medium wp-image-26299\" src=\"https:\/\/szombathely2030.hu\/wp-content\/uploads\/2024\/02\/pte_szakmai_nap_rehabilitacio_at_home_BZ_6916-300x200.jpg\" alt=\"\" width=\"300\" height=\"200\" \/><\/p>\n<p>The second half of the event was dedicated to scientific presentations. This year, the professional lectures also served as accredited training for the 120 attendees, allowing those who successfully completed the exam at the end of the event to earn credit points.<\/p>\n<p>More information:<\/p>\n<p><a href=\"https:\/\/www.tvszombathely.hu\/hirek\/pte-online-szakmai-nap\">PTE online szakmai nap &#8211; SZTV.hu (tvszombathely.hu)<\/a><\/p>","protected":false},"excerpt":{"rendered":"<p>A Szombathely2030 Program deklar\u00e1lt c\u00e9lja \u00faj, eg\u00e9szs\u00e9gipari v\u00e1llalkoz\u00e1sok megtelep\u00edt\u00e9se a t\u00e9rs\u00e9gben. Ahhoz, hogy ezt a v\u00e1ros el tudja \u00e9rni, sz\u00fcks\u00e9g van az eg\u00e9szs\u00e9g\u00fcgyh\u00f6z kapcsol\u00f3d\u00f3 oktat\u00e1sok, k\u00e9pz\u00e9sek meger\u0151s\u00edt\u00e9s\u00e9re. Ennek a kezdem\u00e9nyez\u00e9snek adott teret \u2013 imm\u00e1r m\u00e1sodik alkalommal \u2013 a Komplex Rehabilit\u00e1ci\u00f3 t\u00e9m\u00e1ban szervezett szakmai nap. A Szakmai Nap 2024. febru\u00e1r 7-\u00e9n a P\u00e9csi Tudom\u00e1nyegyetem Eg\u00e9szs\u00e9gtudom\u00e1nyi Kar [&hellip;]<\/p>\n","protected":false},"author":1,"featured_media":26304,"comment_status":"open","ping_status":"open","sticky":false,"template":"","format":"standard","meta":{"_et_pb_use_builder":"","_et_pb_old_content":"","_et_gb_content_width":"","_monsterinsights_skip_tracking":false,"_monsterinsights_sitenote_active":false,"_monsterinsights_sitenote_note":"","_monsterinsights_sitenote_category":0,"footnotes":""},"categories":[1],"tags":[],"yoast_head":"<!-- This site is optimized with the Yoast SEO plugin v24.5 - https:\/\/yoast.com\/wordpress\/plugins\/seo\/ -->\n<title>Nagy sikerrel z\u00e1rult a m\u00e1sodik alkalommal megrendezett Szakmai Nap a komplex rehabilit\u00e1ci\u00f3 jegy\u00e9ben - Szombathely 2030<\/title>\n<meta name=\"description\" content=\"A Szombathely2030 Program deklar\u00e1lt c\u00e9lja \u00faj, eg\u00e9szs\u00e9gipari v\u00e1llalkoz\u00e1sok megtelep\u00edt\u00e9se a t\u00e9rs\u00e9gben. Ahhoz, hogy ezt a v\u00e1ros el tudja \u00e9rni, sz\u00fcks\u00e9g van az eg\u00e9szs\u00e9g\u00fcgyh\u00f6z kapcsol\u00f3d\u00f3 oktat\u00e1sok, k\u00e9pz\u00e9sek meger\u0151s\u00edt\u00e9s\u00e9re. Ennek a kezdem\u00e9nyez\u00e9snek adott teret \u2013 imm\u00e1r m\u00e1sodik alkalommal \u2013 a Komplex Rehabilit\u00e1ci\u00f3 t\u00e9m\u00e1ban szervezett szakmai nap.\" \/>\n<meta name=\"robots\" content=\"index, follow, max-snippet:-1, max-image-preview:large, max-video-preview:-1\" \/>\n<link rel=\"canonical\" href=\"https:\/\/szombathely2030.hu\/en\/2024\/02\/14\/nagy-sikerrel-zarult-a-masodik-alkalommal-megrendezett-szakmai-nap-a-komplex-rehabilitacio-jegyeben\/\" \/>\n<meta property=\"og:locale\" content=\"en_GB\" \/>\n<meta property=\"og:type\" content=\"article\" \/>\n<meta property=\"og:title\" content=\"Nagy sikerrel z\u00e1rult a m\u00e1sodik alkalommal megrendezett Szakmai Nap a komplex rehabilit\u00e1ci\u00f3 jegy\u00e9ben - Szombathely 2030\" \/>\n<meta property=\"og:description\" content=\"A Szombathely2030 Program deklar\u00e1lt c\u00e9lja \u00faj, eg\u00e9szs\u00e9gipari v\u00e1llalkoz\u00e1sok megtelep\u00edt\u00e9se a t\u00e9rs\u00e9gben. Ahhoz, hogy ezt a v\u00e1ros el tudja \u00e9rni, sz\u00fcks\u00e9g van az eg\u00e9szs\u00e9g\u00fcgyh\u00f6z kapcsol\u00f3d\u00f3 oktat\u00e1sok, k\u00e9pz\u00e9sek meger\u0151s\u00edt\u00e9s\u00e9re. Ennek a kezdem\u00e9nyez\u00e9snek adott teret \u2013 imm\u00e1r m\u00e1sodik alkalommal \u2013 a Komplex Rehabilit\u00e1ci\u00f3 t\u00e9m\u00e1ban szervezett szakmai nap.\" \/>\n<meta property=\"og:url\" content=\"https:\/\/szombathely2030.hu\/en\/2024\/02\/14\/nagy-sikerrel-zarult-a-masodik-alkalommal-megrendezett-szakmai-nap-a-komplex-rehabilitacio-jegyeben\/\" \/>\n<meta property=\"og:site_name\" content=\"Szombathely 2030\" \/>\n<meta property=\"article:published_time\" content=\"2024-02-14T13:48:15+00:00\" \/>\n<meta property=\"article:modified_time\" content=\"2024-02-14T14:02:29+00:00\" \/>\n<meta property=\"og:image\" content=\"https:\/\/szombathely2030.hu\/wp-content\/uploads\/2024\/02\/pte_szakmai_nap_rehabilitacio_at_home_BZ_7023.jpg\" \/>\n\t<meta property=\"og:image:width\" content=\"2048\" \/>\n\t<meta property=\"og:image:height\" content=\"1365\" \/>\n\t<meta property=\"og:image:type\" content=\"image\/jpeg\" \/>\n<meta name=\"author\" content=\"Szombathely 2030\" \/>\n<meta name=\"twitter:card\" content=\"summary_large_image\" \/>\n<meta name=\"twitter:label1\" content=\"Written by\" \/>\n\t<meta name=\"twitter:data1\" content=\"Szombathely 2030\" \/>\n\t<meta name=\"twitter:label2\" content=\"Estimated reading time\" \/>\n\t<meta name=\"twitter:data2\" content=\"2 minutes\" \/>\n<script type=\"application\/ld+json\" class=\"yoast-schema-graph\">{\"@context\":\"https:\/\/schema.org\",\"@graph\":[{\"@type\":\"WebPage\",\"@id\":\"https:\/\/szombathely2030.hu\/2024\/02\/14\/nagy-sikerrel-zarult-a-masodik-alkalommal-megrendezett-szakmai-nap-a-komplex-rehabilitacio-jegyeben\/\",\"url\":\"https:\/\/szombathely2030.hu\/2024\/02\/14\/nagy-sikerrel-zarult-a-masodik-alkalommal-megrendezett-szakmai-nap-a-komplex-rehabilitacio-jegyeben\/\",\"name\":\"Nagy sikerrel z\u00e1rult a m\u00e1sodik alkalommal megrendezett Szakmai Nap a komplex rehabilit\u00e1ci\u00f3 jegy\u00e9ben - Szombathely 2030\",\"isPartOf\":{\"@id\":\"https:\/\/szombathely2030.hu\/#website\"},\"primaryImageOfPage\":{\"@id\":\"https:\/\/szombathely2030.hu\/2024\/02\/14\/nagy-sikerrel-zarult-a-masodik-alkalommal-megrendezett-szakmai-nap-a-komplex-rehabilitacio-jegyeben\/#primaryimage\"},\"image\":{\"@id\":\"https:\/\/szombathely2030.hu\/2024\/02\/14\/nagy-sikerrel-zarult-a-masodik-alkalommal-megrendezett-szakmai-nap-a-komplex-rehabilitacio-jegyeben\/#primaryimage\"},\"thumbnailUrl\":\"https:\/\/szombathely2030.hu\/wp-content\/uploads\/2024\/02\/pte_szakmai_nap_rehabilitacio_at_home_BZ_7023.jpg\",\"datePublished\":\"2024-02-14T13:48:15+00:00\",\"dateModified\":\"2024-02-14T14:02:29+00:00\",\"author\":{\"@id\":\"https:\/\/szombathely2030.hu\/#\/schema\/person\/45e7e73d05c8d200210a7fc1b2c53043\"},\"description\":\"A Szombathely2030 Program deklar\u00e1lt c\u00e9lja \u00faj, eg\u00e9szs\u00e9gipari v\u00e1llalkoz\u00e1sok megtelep\u00edt\u00e9se a t\u00e9rs\u00e9gben. Ahhoz, hogy ezt a v\u00e1ros el tudja \u00e9rni, sz\u00fcks\u00e9g van az eg\u00e9szs\u00e9g\u00fcgyh\u00f6z kapcsol\u00f3d\u00f3 oktat\u00e1sok, k\u00e9pz\u00e9sek meger\u0151s\u00edt\u00e9s\u00e9re. Ennek a kezdem\u00e9nyez\u00e9snek adott teret \u2013 imm\u00e1r m\u00e1sodik alkalommal \u2013 a Komplex Rehabilit\u00e1ci\u00f3 t\u00e9m\u00e1ban szervezett szakmai nap.\",\"breadcrumb\":{\"@id\":\"https:\/\/szombathely2030.hu\/2024\/02\/14\/nagy-sikerrel-zarult-a-masodik-alkalommal-megrendezett-szakmai-nap-a-komplex-rehabilitacio-jegyeben\/#breadcrumb\"},\"inLanguage\":\"en-GB\",\"potentialAction\":[{\"@type\":\"ReadAction\",\"target\":[\"https:\/\/szombathely2030.hu\/2024\/02\/14\/nagy-sikerrel-zarult-a-masodik-alkalommal-megrendezett-szakmai-nap-a-komplex-rehabilitacio-jegyeben\/\"]}]},{\"@type\":\"ImageObject\",\"inLanguage\":\"en-GB\",\"@id\":\"https:\/\/szombathely2030.hu\/2024\/02\/14\/nagy-sikerrel-zarult-a-masodik-alkalommal-megrendezett-szakmai-nap-a-komplex-rehabilitacio-jegyeben\/#primaryimage\",\"url\":\"https:\/\/szombathely2030.hu\/wp-content\/uploads\/2024\/02\/pte_szakmai_nap_rehabilitacio_at_home_BZ_7023.jpg\",\"contentUrl\":\"https:\/\/szombathely2030.hu\/wp-content\/uploads\/2024\/02\/pte_szakmai_nap_rehabilitacio_at_home_BZ_7023.jpg\",\"width\":2048,\"height\":1365},{\"@type\":\"BreadcrumbList\",\"@id\":\"https:\/\/szombathely2030.hu\/2024\/02\/14\/nagy-sikerrel-zarult-a-masodik-alkalommal-megrendezett-szakmai-nap-a-komplex-rehabilitacio-jegyeben\/#breadcrumb\",\"itemListElement\":[{\"@type\":\"ListItem\",\"position\":1,\"name\":\"Kezd\u0151lap\",\"item\":\"https:\/\/szombathely2030.hu\/\"},{\"@type\":\"ListItem\",\"position\":2,\"name\":\"Nagy sikerrel z\u00e1rult a m\u00e1sodik alkalommal megrendezett Szakmai Nap a komplex rehabilit\u00e1ci\u00f3 jegy\u00e9ben\"}]},{\"@type\":\"WebSite\",\"@id\":\"https:\/\/szombathely2030.hu\/#website\",\"url\":\"https:\/\/szombathely2030.hu\/\",\"name\":\"Szombathely 2030\",\"description\":\"Szombathely 2030 fejleszt\u00e9si projekt\",\"potentialAction\":[{\"@type\":\"SearchAction\",\"target\":{\"@type\":\"EntryPoint\",\"urlTemplate\":\"https:\/\/szombathely2030.hu\/?s={search_term_string}\"},\"query-input\":{\"@type\":\"PropertyValueSpecification\",\"valueRequired\":true,\"valueName\":\"search_term_string\"}}],\"inLanguage\":\"en-GB\"},{\"@type\":\"Person\",\"@id\":\"https:\/\/szombathely2030.hu\/#\/schema\/person\/45e7e73d05c8d200210a7fc1b2c53043\",\"name\":\"Szombathely 2030\",\"image\":{\"@type\":\"ImageObject\",\"inLanguage\":\"en-GB\",\"@id\":\"https:\/\/szombathely2030.hu\/#\/schema\/person\/image\/\",\"url\":\"https:\/\/secure.gravatar.com\/avatar\/2316c60272239304077c08defcfda658?s=96&d=mm&r=g\",\"contentUrl\":\"https:\/\/secure.gravatar.com\/avatar\/2316c60272239304077c08defcfda658?s=96&d=mm&r=g\",\"caption\":\"Szombathely 2030\"},\"sameAs\":[\"http:\/\/szombathely2030.hu\"],\"url\":\"https:\/\/szombathely2030.hu\/en\/author\/savaria2030\/\"}]}<\/script>\n<!-- \/ Yoast SEO plugin. -->","yoast_head_json":{"title":"Nagy sikerrel z\u00e1rult a m\u00e1sodik alkalommal megrendezett Szakmai Nap a komplex rehabilit\u00e1ci\u00f3 jegy\u00e9ben - Szombathely 2030","description":"The declared goal of the Szombathely2030 Program is to establish new healthcare enterprises in the region. In order for the city to achieve this, there is a need to strengthen education and training related to healthcare. This initiative was the subject of the second edition of the Professional Day on Complex Rehabilitation.","robots":{"index":"index","follow":"follow","max-snippet":"max-snippet:-1","max-image-preview":"max-image-preview:large","max-video-preview":"max-video-preview:-1"},"canonical":"https:\/\/szombathely2030.hu\/en\/2024\/02\/14\/nagy-sikerrel-zarult-a-masodik-alkalommal-megrendezett-szakmai-nap-a-komplex-rehabilitacio-jegyeben\/","og_locale":"en_GB","og_type":"article","og_title":"Nagy sikerrel z\u00e1rult a m\u00e1sodik alkalommal megrendezett Szakmai Nap a komplex rehabilit\u00e1ci\u00f3 jegy\u00e9ben - Szombathely 2030","og_description":"A Szombathely2030 Program deklar\u00e1lt c\u00e9lja \u00faj, eg\u00e9szs\u00e9gipari v\u00e1llalkoz\u00e1sok megtelep\u00edt\u00e9se a t\u00e9rs\u00e9gben. Ahhoz, hogy ezt a v\u00e1ros el tudja \u00e9rni, sz\u00fcks\u00e9g van az eg\u00e9szs\u00e9g\u00fcgyh\u00f6z kapcsol\u00f3d\u00f3 oktat\u00e1sok, k\u00e9pz\u00e9sek meger\u0151s\u00edt\u00e9s\u00e9re. Ennek a kezdem\u00e9nyez\u00e9snek adott teret \u2013 imm\u00e1r m\u00e1sodik alkalommal \u2013 a Komplex Rehabilit\u00e1ci\u00f3 t\u00e9m\u00e1ban szervezett szakmai nap.","og_url":"https:\/\/szombathely2030.hu\/en\/2024\/02\/14\/nagy-sikerrel-zarult-a-masodik-alkalommal-megrendezett-szakmai-nap-a-komplex-rehabilitacio-jegyeben\/","og_site_name":"Szombathely 2030","article_published_time":"2024-02-14T13:48:15+00:00","article_modified_time":"2024-02-14T14:02:29+00:00","og_image":[{"width":2048,"height":1365,"url":"https:\/\/szombathely2030.hu\/wp-content\/uploads\/2024\/02\/pte_szakmai_nap_rehabilitacio_at_home_BZ_7023.jpg","type":"image\/jpeg"}],"author":"Szombathely 2030","twitter_card":"summary_large_image","twitter_misc":{"Written by":"Szombathely 2030","Estimated reading time":"2 minutes"},"schema":{"@context":"https:\/\/schema.org","@graph":[{"@type":"WebPage","@id":"https:\/\/szombathely2030.hu\/2024\/02\/14\/nagy-sikerrel-zarult-a-masodik-alkalommal-megrendezett-szakmai-nap-a-komplex-rehabilitacio-jegyeben\/","url":"https:\/\/szombathely2030.hu\/2024\/02\/14\/nagy-sikerrel-zarult-a-masodik-alkalommal-megrendezett-szakmai-nap-a-komplex-rehabilitacio-jegyeben\/","name":"Nagy sikerrel z\u00e1rult a m\u00e1sodik alkalommal megrendezett Szakmai Nap a komplex rehabilit\u00e1ci\u00f3 jegy\u00e9ben - Szombathely 2030","isPartOf":{"@id":"https:\/\/szombathely2030.hu\/#website"},"primaryImageOfPage":{"@id":"https:\/\/szombathely2030.hu\/2024\/02\/14\/nagy-sikerrel-zarult-a-masodik-alkalommal-megrendezett-szakmai-nap-a-komplex-rehabilitacio-jegyeben\/#primaryimage"},"image":{"@id":"https:\/\/szombathely2030.hu\/2024\/02\/14\/nagy-sikerrel-zarult-a-masodik-alkalommal-megrendezett-szakmai-nap-a-komplex-rehabilitacio-jegyeben\/#primaryimage"},"thumbnailUrl":"https:\/\/szombathely2030.hu\/wp-content\/uploads\/2024\/02\/pte_szakmai_nap_rehabilitacio_at_home_BZ_7023.jpg","datePublished":"2024-02-14T13:48:15+00:00","dateModified":"2024-02-14T14:02:29+00:00","author":{"@id":"https:\/\/szombathely2030.hu\/#\/schema\/person\/45e7e73d05c8d200210a7fc1b2c53043"},"description":"The declared goal of the Szombathely2030 Program is to establish new healthcare enterprises in the region. In order for the city to achieve this, there is a need to strengthen education and training related to healthcare. This initiative was the subject of the second edition of the Professional Day on Complex Rehabilitation.","breadcrumb":{"@id":"https:\/\/szombathely2030.hu\/2024\/02\/14\/nagy-sikerrel-zarult-a-masodik-alkalommal-megrendezett-szakmai-nap-a-komplex-rehabilitacio-jegyeben\/#breadcrumb"},"inLanguage":"en-GB","potentialAction":[{"@type":"ReadAction","target":["https:\/\/szombathely2030.hu\/2024\/02\/14\/nagy-sikerrel-zarult-a-masodik-alkalommal-megrendezett-szakmai-nap-a-komplex-rehabilitacio-jegyeben\/"]}]},{"@type":"ImageObject","inLanguage":"en-GB","@id":"https:\/\/szombathely2030.hu\/2024\/02\/14\/nagy-sikerrel-zarult-a-masodik-alkalommal-megrendezett-szakmai-nap-a-komplex-rehabilitacio-jegyeben\/#primaryimage","url":"https:\/\/szombathely2030.hu\/wp-content\/uploads\/2024\/02\/pte_szakmai_nap_rehabilitacio_at_home_BZ_7023.jpg","contentUrl":"https:\/\/szombathely2030.hu\/wp-content\/uploads\/2024\/02\/pte_szakmai_nap_rehabilitacio_at_home_BZ_7023.jpg","width":2048,"height":1365},{"@type":"BreadcrumbList","@id":"https:\/\/szombathely2030.hu\/2024\/02\/14\/nagy-sikerrel-zarult-a-masodik-alkalommal-megrendezett-szakmai-nap-a-komplex-rehabilitacio-jegyeben\/#breadcrumb","itemListElement":[{"@type":"ListItem","position":1,"name":"Kezd\u0151lap","item":"https:\/\/szombathely2030.hu\/"},{"@type":"ListItem","position":2,"name":"Nagy sikerrel z\u00e1rult a m\u00e1sodik alkalommal megrendezett Szakmai Nap a komplex rehabilit\u00e1ci\u00f3 jegy\u00e9ben"}]},{"@type":"WebSite","@id":"https:\/\/szombathely2030.hu\/#website","url":"https:\/\/szombathely2030.hu\/","name":"Szombathely 2030","description":"Szombathely 2030 fejleszt\u00e9si projekt","potentialAction":[{"@type":"SearchAction","target":{"@type":"EntryPoint","urlTemplate":"https:\/\/szombathely2030.hu\/?s={search_term_string}"},"query-input":{"@type":"PropertyValueSpecification","valueRequired":true,"valueName":"search_term_string"}}],"inLanguage":"en-GB"},{"@type":"Person","@id":"https:\/\/szombathely2030.hu\/#\/schema\/person\/45e7e73d05c8d200210a7fc1b2c53043","name":"Szombathely 2030","image":{"@type":"ImageObject","inLanguage":"en-GB","@id":"https:\/\/szombathely2030.hu\/#\/schema\/person\/image\/","url":"https:\/\/secure.gravatar.com\/avatar\/2316c60272239304077c08defcfda658?s=96&d=mm&r=g","contentUrl":"https:\/\/secure.gravatar.com\/avatar\/2316c60272239304077c08defcfda658?s=96&d=mm&r=g","caption":"Szombathely 2030"},"sameAs":["http:\/\/szombathely2030.hu"],"url":"https:\/\/szombathely2030.hu\/en\/author\/savaria2030\/"}]}},"_links":{"self":[{"href":"https:\/\/szombathely2030.hu\/en\/wp-json\/wp\/v2\/posts\/26297"}],"collection":[{"href":"https:\/\/szombathely2030.hu\/en\/wp-json\/wp\/v2\/posts"}],"about":[{"href":"https:\/\/szombathely2030.hu\/en\/wp-json\/wp\/v2\/types\/post"}],"author":[{"embeddable":true,"href":"https:\/\/szombathely2030.hu\/en\/wp-json\/wp\/v2\/users\/1"}],"replies":[{"embeddable":true,"href":"https:\/\/szombathely2030.hu\/en\/wp-json\/wp\/v2\/comments?post=26297"}],"version-history":[{"count":6,"href":"https:\/\/szombathely2030.hu\/en\/wp-json\/wp\/v2\/posts\/26297\/revisions"}],"predecessor-version":[{"id":26307,"href":"https:\/\/szombathely2030.hu\/en\/wp-json\/wp\/v2\/posts\/26297\/revisions\/26307"}],"wp:featuredmedia":[{"embeddable":true,"href":"https:\/\/szombathely2030.hu\/en\/wp-json\/wp\/v2\/media\/26304"}],"wp:attachment":[{"href":"https:\/\/szombathely2030.hu\/en\/wp-json\/wp\/v2\/media?parent=26297"}],"wp:term":[{"taxonomy":"category","embeddable":true,"href":"https:\/\/szombathely2030.hu\/en\/wp-json\/wp\/v2\/categories?post=26297"},{"taxonomy":"post_tag","embeddable":true,"href":"https:\/\/szombathely2030.hu\/en\/wp-json\/wp\/v2\/tags?post=26297"}],"curies":[{"name":"wp","href":"https:\/\/api.w.org\/{rel}","templated":true}]}}